[{"@context":"https:\/\/schema.org\/","@type":"Article","@id":"https:\/\/www.vthk.sk\/o-vanociach\/#Article","mainEntityOfPage":"https:\/\/www.vthk.sk\/o-vanociach\/","headline":"O Vanociach","name":"O Vanociach","description":"Viete o \u010dom najrad\u0161ej p\u00ed\u0161em \u010dl\u00e1nky? Cez Vianoce. A dnes je pr\u00e1ve ten de\u0148, kedy zase jeden p\u00ed\u0161em. Ak m\u00e1te radi viano\u010dn\u00e9 obdobie aspo\u0148 trochu ako ho m\u00e1m rada ja, tak tento \u010dl\u00e1nok sa v\u00e1m na sto percent zap\u00e1\u010di. Za\u010dala by som asi t\u00fdm, \u017ee nepozn\u00e1m v\u00e4\u010d\u0161ieho milovn\u00edka Vianoc, ako som ja. Zbo\u017e\u0148ujem \u00faplne v\u0161etko, [&hellip;]","datePublished":"2025-07-02","dateModified":"2025-07-02","author":{"@type":"Person","@id":"https:\/\/www.vthk.sk\/author\/#Person","name":"","url":"https:\/\/www.vthk.sk\/author\/","identifier":1,"image":{"@type":"ImageObject","@id":"https:\/\/secure.gravatar.com\/avatar\/093836c6bc976bea6a4c3cd39f9136c261430c33201aa865249fef2be34e3fdb?s=96&d=mm&r=g","url":"https:\/\/secure.gravatar.com\/avatar\/093836c6bc976bea6a4c3cd39f9136c261430c33201aa865249fef2be34e3fdb?s=96&d=mm&r=g","height":96,"width":96}},"publisher":{"@type":"Organization","name":"vthk.sk","logo":{"@type":"ImageObject","@id":"\/logo.png","url":"\/logo.png","width":600,"height":60}},"image":{"@type":"ImageObject","@id":"https:\/\/www.vthk.sk\/wp-content\/uploads\/pexels-pixabay-220067_4.jpg","url":"https:\/\/www.vthk.sk\/wp-content\/uploads\/pexels-pixabay-220067_4.jpg","height":0,"width":0},"url":"https:\/\/www.vthk.sk\/o-vanociach\/","about":["Tovar"],"wordCount":400,"articleBody":"   Viete o \u010dom najrad\u0161ej p\u00ed\u0161em \u010dl\u00e1nky? Cez Vianoce. A dnes je pr\u00e1ve ten de\u0148, kedy zase jeden p\u00ed\u0161em. Ak m\u00e1te radi viano\u010dn\u00e9 obdobie aspo\u0148 trochu ako ho m\u00e1m rada ja, tak tento \u010dl\u00e1nok sa v\u00e1m na sto percent zap\u00e1\u010di. Za\u010dala by som asi t\u00fdm, \u017ee nepozn\u00e1m v\u00e4\u010d\u0161ieho milovn\u00edka Vianoc, ako som ja. Zbo\u017e\u0148ujem \u00faplne v\u0161etko, \u010do k Vianociam patr\u00ed. Tie n\u00e1dhern\u00e9 svetielka, ktor\u00e9 na v\u00e1s svietia a o\u010di v\u00e1m z toho len prech\u00e1dzaj\u00fa, robenie cesta na pern\u00ed\u010dky a pe\u010denie pern\u00ed\u010dkov, robenie trad\u00edci\u00ed na Vianoce, vypr\u00e1\u017eanie kapra, rez\u0148ov a plno \u010fal\u0161\u00edch vec\u00ed. Aby som sa ale dostala k tomu najpodstatnej\u0161iemu. U\u017e dlho som prem\u00fd\u0161\u013eala, kde zohna\u0165 tak\u00e9 svetielka na Vianoce, aby boli v\u00fdrazn\u00e9, kr\u00e1sne a aby jednoducho up\u00fatali pozornos\u0165 ka\u017ed\u00e9ho okoloid\u00faceho. Aby ste mi toti\u017e rozumeli, ja m\u00e1m rada v\u00fdraznej\u0161ie veci a to plat\u00ed pri v\u0161etkom. Na nev\u00fdrazn\u00e9 veci si ve\u013emi nepotrp\u00edm, tak\u017ee aj svetielka jednoducho musia by\u0165 v\u00fdrazn\u00e9 a hotov\u00e9. To ale predsa v\u00f4bec nevad\u00ed. Stav\u00edm sa, \u017ee to tak m\u00e1 viac \u013eud\u00ed, nielen ja, \u017ee uprednost\u0148uje tak\u00e9 tie v\u00fdrazn\u00e9 farebn\u00e9 svetielka pred jednofarebn\u00fdmi. Pre\u010do? Jednoducho preto, \u017ee mi pr\u00edde, \u017ee sa aj viac hod\u00ed na Vianoce, ale to je n\u00e1zor ka\u017ed\u00e9ho. K ni\u010domu v\u00e1s nenab\u00e1dam, vyberte si farbu pod\u013ea seba.Tak\u00fa, aby sa v\u00e1m na sto percent zap\u00e1\u010dila.. \u010ealej som chcela poveda\u0165 e\u0161te jednu d\u00f4le\u017eit\u00fa vec a to je t\u00e1, kde som tie svetielka vlastne objedn\u00e1vala? No presne na tomto e-shope. Zistila som, \u017ee sveteln\u00e9 re\u0165aze s\u00fa od nich toti\u017e \u00faplne najlep\u0161ie. Nemus\u00edte sa b\u00e1\u0165 od nich zaobstara\u0165 ak\u00e9ko\u013evek &#8211; v\u0161etky vyzeraj\u00fa \u00fa\u017easne. A z\u00e1le\u017e\u00ed to tie\u017e ve\u013ea na va\u0161om vkuse a \u0161t\u00fdle. Niekto napr\u00edklad uprednost\u0148uje farebn\u00e9 svetielka na Vianoce, ako napr\u00edklad ja, in\u00fd by si ale rad\u0161ej zase k\u00fapil jednofarebn\u00e9, biele alebo \u017elt\u00e9. V\u00fdber je na v\u00e1s, ale v\u0161etky sveteln\u00e9 re\u0165aze bud\u00fa vyzera\u0165 \u00fa\u017easne na ka\u017edom viano\u010dnom strom\u010deku. A to nielen na tom \u017eivom, ale aj na umelom.                                                                                                                                                                                                                                                                                                                                                                                          4.5\/5 - (11 votes)        "},{"@context":"https:\/\/schema.org\/","@type":"BreadcrumbList","itemListElement":[{"@type":"ListItem","position":1,"name":"O Vanociach","item":"https:\/\/www.vthk.sk\/o-vanociach\/#breadcrumbitem"}]}]