[{"@context":"https:\/\/schema.org\/","@type":"Article","@id":"https:\/\/www.vthk.sk\/kup-si-klimatizaciu\/#Article","mainEntityOfPage":"https:\/\/www.vthk.sk\/kup-si-klimatizaciu\/","headline":"K\u00fap si klimatiz\u00e1ciu","name":"K\u00fap si klimatiz\u00e1ciu","description":"Klimatiz\u00e1cia dunajsk\u00e1 streda https:\/\/masterklima.sk\/ je ve\u013emi d\u00f4le\u017eit\u00e1. Na \u010do je vlastne d\u00f4le\u017eit\u00e1 klimatiz\u00e1cia a \u010do to klimatiz\u00e1cia je? Ak neviete a t\u00fa\u017eite sa to dozvedie\u0165, odpove\u010f n\u00e1jdete v tomto \u010dl\u00e1nku. M\u00e1te radi leto? Niekto ho r\u00e1d m\u00e1, niekto nie. Ka\u017ed\u00fd sme na tom inak. Napr\u00edklad ja som jeden z t\u00fdch typov \u013eud\u00ed, ktor\u00ed leto jednozna\u010dne [&hellip;]","datePublished":"2022-08-16","dateModified":"2022-08-16","author":{"@type":"Person","@id":"https:\/\/www.vthk.sk\/author\/#Person","name":"","url":"https:\/\/www.vthk.sk\/author\/","identifier":1,"image":{"@type":"ImageObject","@id":"https:\/\/secure.gravatar.com\/avatar\/093836c6bc976bea6a4c3cd39f9136c261430c33201aa865249fef2be34e3fdb?s=96&d=mm&r=g","url":"https:\/\/secure.gravatar.com\/avatar\/093836c6bc976bea6a4c3cd39f9136c261430c33201aa865249fef2be34e3fdb?s=96&d=mm&r=g","height":96,"width":96}},"publisher":{"@type":"Organization","name":"vthk.sk","logo":{"@type":"ImageObject","@id":"\/logo.png","url":"\/logo.png","width":600,"height":60}},"image":{"@type":"ImageObject","@id":"https:\/\/www.vthk.sk\/wp-content\/uploads\/air-conditioning-1295800_960_720.png","url":"https:\/\/www.vthk.sk\/wp-content\/uploads\/air-conditioning-1295800_960_720.png","height":0,"width":0},"url":"https:\/\/www.vthk.sk\/kup-si-klimatizaciu\/","wordCount":418,"articleBody":"   Klimatiz\u00e1cia dunajsk\u00e1 streda https:\/\/masterklima.sk\/ je ve\u013emi d\u00f4le\u017eit\u00e1. Na \u010do je vlastne d\u00f4le\u017eit\u00e1 klimatiz\u00e1cia a \u010do to klimatiz\u00e1cia je? Ak neviete a t\u00fa\u017eite sa to dozvedie\u0165, odpove\u010f n\u00e1jdete v tomto \u010dl\u00e1nku. M\u00e1te radi leto? Niekto ho r\u00e1d m\u00e1, niekto nie. Ka\u017ed\u00fd sme na tom inak. Napr\u00edklad ja som jeden z t\u00fdch typov \u013eud\u00ed, ktor\u00ed leto jednozna\u010dne leto nemaj\u00fa radi, ale priamo ho miluj\u00fa. Aj ke\u010f m\u00e1m pocit, \u017ee v dne\u0161nej dobe sa tak\u00fdchto \u013eud\u00ed n\u00e1jde menej a menej. Ale sp\u00e4\u0165 k t\u00e9me. Ur\u010dite ka\u017ed\u00fd z v\u00e1s m\u00e1 svoju pr\u00e1cu.Niekto pracuje manu\u00e1lnu pr\u00e1cu, niekto zase pracuje hlavou. Pokia\u013e pracujete napr\u00edklad v kancel\u00e1rii a je stra\u0161n\u00e9 teplo, napr\u00edklad v j\u00fani av j\u00fali, kedy s\u00fa obrovsk\u00e9 par\u00e1ky a hor\u00fa\u010davy. Ur\u010dite si neviete predstavi\u0165 to, \u017ee by ste pracovali bez klimatiz\u00e1cie v miestnosti. \u010co to t\u00e1 klimatiz\u00e1cia vlastne je? Je to vlastne umel\u00fd pr\u00edstroj, ktor\u00fd zais\u0165uje, aby bol v miestnosti v\u00e1nok, ktor\u00fd na v\u00e1s f\u00faka, aby v\u00e1m nebolo to\u013eko teplo. T\u00fdm sa ochlad\u00edte a je v\u00e1m pr\u00edjemne. Nedok\u00e1\u017eem si predstavi\u0165, \u010do robia v lete \u013eudia, ktor\u00ed napr\u00edklad v lete pracuj\u00fa bez klimatiz\u00e1cie. To mus\u00ed by\u0165 skuto\u010dne stra\u0161n\u00e9 a nechcem si to ani predstavova\u0165.Pokia\u013e v miestnosti v obrovsk\u00fdch hor\u00fa\u010dav\u00e1ch nie je klimatiz\u00e1cia, nielen, \u017ee je to stra\u0161ne nepr\u00edjemn\u00e9, ale m\u00f4\u017eete ma\u0165 aj stra\u0161ne ve\u013ek\u00e9 bolesti hlavy, tak\u017ee sa potom ani nem\u00f4\u017eete s\u00fastredi\u0165 na to, na \u010do potrebujete \u2013 na pr\u00e1cu. Mnoh\u00ed si klimatiz\u00e1ciu automaticky kupuj\u00fa aj do vlastn\u00e9ho b\u00fdvania (domu alebo bytu), preto\u017ee by\u0165 v tak\u00fdch hor\u00fa\u010dav\u00e1ch je naozaj katastrof\u00e1lne. Skoro by som povedala, \u017ee je to a\u017e na zbl\u00e1znenie. A sami dobre vieme, \u017ee ak n\u00e1s raz za\u010dne bolie\u0165 hlava, pokia\u013e nebudete v poriadku, m\u00e1me pocit, \u017ee sa n\u00e1m roztrie\u0161ti hlava na tis\u00edce k\u00faskov. A to rozhodne nie je pr\u00edjemn\u00e9 pre nikoho. https:\/\/www.databazeknih.cz\/knihy\/deti-nikoho-126810%3Fc%3Dall  Preto pokia\u013e uva\u017eujete nad t\u00fdm, \u017ee by ste si zaobstarali domov, alebo do kancel\u00e1rie klimatiz\u00e1ciu, nev\u00e1hajte ani min\u00fatu. Pom\u00f4\u017eete t\u00fdm sebe aj v\u00e1\u0161mu zdraviu&#8230;.                                                                                                                                                                                                                                                                                                                                                                                          4.7\/5 - (17 votes)        "},{"@context":"https:\/\/schema.org\/","@type":"BreadcrumbList","itemListElement":[{"@type":"ListItem","position":1,"name":"K\u00fap si klimatiz\u00e1ciu","item":"https:\/\/www.vthk.sk\/kup-si-klimatizaciu\/#breadcrumbitem"}]}]